{"id":6398,"date":"2026-04-27T12:55:20","date_gmt":"2026-04-27T10:55:20","guid":{"rendered":"https:\/\/hestiahealth.es\/integracion-dun-programa-comunitario-de-caminadas-como-ferramenta-terapeutica\/"},"modified":"2026-04-27T13:13:28","modified_gmt":"2026-04-27T11:13:28","slug":"integracion-dun-programa-comunitario-de-caminadas-como-ferramenta-terapeutica","status":"publish","type":"post","link":"https:\/\/hestiahealth.es\/gl\/integracion-dun-programa-comunitario-de-caminadas-como-ferramenta-terapeutica\/","title":{"rendered":"Integraci\u00f3n dun programa comunitario de cami\u00f1adas como ferramenta terap\u00e9utica"},"content":{"rendered":"\t\t<div data-elementor-type=\"wp-post\" data-elementor-id=\"6398\" class=\"elementor elementor-6398 elementor-6387\" data-elementor-post-type=\"post\">\n\t\t\t\t\t\t<section class=\"elementor-section elementor-top-section elementor-element elementor-element-6c476784 elementor-section-boxed elementor-section-height-default elementor-section-height-default\" data-id=\"6c476784\" data-element_type=\"section\">\n\t\t\t\t\t\t<div class=\"elementor-container elementor-column-gap-default\">\n\t\t\t\t\t<div class=\"elementor-column elementor-col-100 elementor-top-column elementor-element elementor-element-212594c7\" data-id=\"212594c7\" data-element_type=\"column\">\n\t\t\t<div class=\"elementor-widget-wrap elementor-element-populated\">\n\t\t\t\t\t\t<div class=\"elementor-element elementor-element-717ead31 elementor-widget elementor-widget-text-editor\" data-id=\"717ead31\" data-element_type=\"widget\" data-widget_type=\"text-editor.default\">\n\t\t\t\t<div class=\"elementor-widget-container\">\n\t\t\t\t\t\t\t\t\t<p>En Hestia Health seguimos avanzando cara a un <strong>modelo de atenci\u00f3n en sa\u00fade mental que transcende o \u00e1mbito asistencial<\/strong> e se conecta de maneira activa coa comunidade. Nesta li\u00f1a, o Servizo de Sa\u00fade Mental de Hestia Health Duran i Reynals incorporou o programa comunitario <em>\u201cCamina, fes salut i coneix L\u2019Hospitalet\u201d<\/em> como parte do seu <strong>abordaxe terap\u00e9utico<\/strong>. <\/p><p>Tr\u00e1tase dunha iniciativa impulsada polo Concello de L\u2019Hospitalet, que foi integrada de maneira estruturada dentro da \u00e1rea de <strong>Terapia Ocupacional <\/strong>co obxectivo de xerar <strong>contextos terap\u00e9uticos en contornos normalizados<\/strong> e facilitar a <strong>vinculaci\u00f3n con recursos comunitarios reais<\/strong>.<\/p><p>O programa incl\u00fae <strong>cami\u00f1adas de curta distancia<\/strong>, adaptadas ao ritmo das persoas participantes e sen car\u00e1cter competitivo, combinadas con visitas a diferentes equipamentos da cidade. Neste contexto, a actividade f\u00edsica act\u00faa como unha <strong>ferramenta terap\u00e9utica<\/strong> que permite traballar a<strong> activaci\u00f3n conductual<\/strong>, a <strong>regulaci\u00f3n emocional<\/strong>, a <strong>socializaci\u00f3n <\/strong>e a <strong>recuperaci\u00f3n de h\u00e1bitos<\/strong>. <\/p><p>A participaci\u00f3n real\u00edzase de forma acompa\u00f1ada polo terapeuta ocupacional, que integra a actividade dentro dos <strong>obxectivos individuais de cada proceso<\/strong>, transformando unha proposta comunitaria nunha <strong>intervenci\u00f3n con valor asistencial<\/strong>.<\/p><p>Este enfoque reforza un <strong>modelo de atenci\u00f3n centrado na persoa e orientado \u00e1 recuperaci\u00f3n<\/strong>, favorecendo a <strong>autonom\u00eda<\/strong>, reducindo o <strong>illamento <\/strong>e facilitando a <strong>integraci\u00f3n na comunidade<\/strong>.<\/p><p>Con esta iniciativa, Hestia Health Duran i Reynals contin\u00faa reforzando unha li\u00f1a de traballo orientada a <strong>conectar a intervenci\u00f3n cl\u00ednica cos recursos do territorio<\/strong>, dando un <strong>uso terap\u00e9utico a iniciativas comunitarias xa existentes<\/strong>.<\/p><p><strong>Hestia Health. Expertos no teu coidado, comprometidos coa t\u00faa sa\u00fade.<\/strong><\/p>\t\t\t\t\t\t\t\t<\/div>\n\t\t\t\t<\/div>\n\t\t\t\t\t<\/div>\n\t\t<\/div>\n\t\t\t\t\t<\/div>\n\t\t<\/section>\n\t\t\t\t<\/div>\n\t\t","protected":false},"excerpt":{"rendered":"<p>En Hestia Health seguimos avanzando cara a un modelo de atenci\u00f3n en sa\u00fade mental que transcende o \u00e1mbito asistencial e se conecta de maneira activa coa comunidade. Nesta li\u00f1a, o Servizo de Sa\u00fade Mental de Hestia Health Duran i Reynals incorporou o programa comunitario \u201cCamina, fes salut i coneix L\u2019Hospitalet\u201d como parte do seu abordaxe [&hellip;]<\/p>\n","protected":false},"author":7,"featured_media":6367,"comment_status":"open","ping_status":"open","sticky":false,"template":"","format":"standard","meta":{"footnotes":""},"categories":[41],"tags":[],"class_list":["post-6398","post","type-post","status-publish","format-standard","has-post-thumbnail","hentry","category-hestia-health-catalunya-gl"],"yoast_head":"<!-- This site is optimized with the Yoast SEO plugin v26.6 - https:\/\/yoast.com\/wordpress\/plugins\/seo\/ -->\n<title>Programa comunitario de cami\u00f1adas en sa\u00fade mental | Hestia Health<\/title>\n<meta name=\"description\" content=\"Hestia Health integra cami\u00f1adas comunitarias como ferramenta terap\u00e9utica en sa\u00fade mental, promovendo autonom\u00eda, socializaci\u00f3n e recuperaci\u00f3n.\" \/>\n<meta name=\"robots\" content=\"index, follow, max-snippet:-1, max-image-preview:large, max-video-preview:-1\" \/>\n<link rel=\"canonical\" href=\"https:\/\/hestiahealth.es\/gl\/integracion-dun-programa-comunitario-de-caminadas-como-ferramenta-terapeutica\/\" \/>\n<meta property=\"og:locale\" content=\"gl_ES\" \/>\n<meta property=\"og:type\" content=\"article\" \/>\n<meta property=\"og:title\" content=\"Programa comunitario de cami\u00f1adas en sa\u00fade mental | Hestia Health\" \/>\n<meta property=\"og:description\" content=\"Hestia Health integra cami\u00f1adas comunitarias como ferramenta terap\u00e9utica en sa\u00fade mental, promovendo autonom\u00eda, socializaci\u00f3n e recuperaci\u00f3n.\" \/>\n<meta property=\"og:url\" content=\"https:\/\/hestiahealth.es\/gl\/integracion-dun-programa-comunitario-de-caminadas-como-ferramenta-terapeutica\/\" \/>\n<meta property=\"og:site_name\" content=\"Hestia Health\" \/>\n<meta property=\"article:published_time\" content=\"2026-04-27T10:55:20+00:00\" \/>\n<meta property=\"article:modified_time\" content=\"2026-04-27T11:13:28+00:00\" \/>\n<meta property=\"og:image\" content=\"https:\/\/hestiahealth.es\/wp-content\/uploads\/2026\/04\/260424-blog-1024x725.png\" \/>\n\t<meta property=\"og:image:width\" content=\"1024\" \/>\n\t<meta property=\"og:image:height\" content=\"725\" \/>\n\t<meta property=\"og:image:type\" content=\"image\/png\" \/>\n<meta name=\"author\" content=\"Digital MC Advertising\" \/>\n<meta name=\"twitter:card\" content=\"summary_large_image\" \/>\n<meta name=\"twitter:label1\" content=\"Escrito por\" \/>\n\t<meta name=\"twitter:data1\" content=\"Digital MC Advertising\" \/>\n\t<meta name=\"twitter:label2\" content=\"Tempo de lectura\" \/>\n\t<meta name=\"twitter:data2\" content=\"1 minuto\" \/>\n<script type=\"application\/ld+json\" class=\"yoast-schema-graph\">{\"@context\":\"https:\/\/schema.org\",\"@graph\":[{\"@type\":\"Article\",\"@id\":\"https:\/\/hestiahealth.es\/gl\/integracion-dun-programa-comunitario-de-caminadas-como-ferramenta-terapeutica\/#article\",\"isPartOf\":{\"@id\":\"https:\/\/hestiahealth.es\/gl\/integracion-dun-programa-comunitario-de-caminadas-como-ferramenta-terapeutica\/\"},\"author\":{\"name\":\"Digital MC Advertising\",\"@id\":\"https:\/\/hestiahealth.es\/gl\/#\/schema\/person\/aeea519abe01b433c07e725a7e1a96da\"},\"headline\":\"Integraci\u00f3n dun programa comunitario de cami\u00f1adas como ferramenta terap\u00e9utica\",\"datePublished\":\"2026-04-27T10:55:20+00:00\",\"dateModified\":\"2026-04-27T11:13:28+00:00\",\"mainEntityOfPage\":{\"@id\":\"https:\/\/hestiahealth.es\/gl\/integracion-dun-programa-comunitario-de-caminadas-como-ferramenta-terapeutica\/\"},\"wordCount\":289,\"commentCount\":0,\"publisher\":{\"@id\":\"https:\/\/hestiahealth.es\/gl\/#organization\"},\"image\":{\"@id\":\"https:\/\/hestiahealth.es\/gl\/integracion-dun-programa-comunitario-de-caminadas-como-ferramenta-terapeutica\/#primaryimage\"},\"thumbnailUrl\":\"https:\/\/hestiahealth.es\/wp-content\/uploads\/2026\/04\/260424-blog.png\",\"articleSection\":[\"Hestia Health Catalunya\"],\"inLanguage\":\"gl-ES\",\"potentialAction\":[{\"@type\":\"CommentAction\",\"name\":\"Comment\",\"target\":[\"https:\/\/hestiahealth.es\/gl\/integracion-dun-programa-comunitario-de-caminadas-como-ferramenta-terapeutica\/#respond\"]}]},{\"@type\":\"WebPage\",\"@id\":\"https:\/\/hestiahealth.es\/gl\/integracion-dun-programa-comunitario-de-caminadas-como-ferramenta-terapeutica\/\",\"url\":\"https:\/\/hestiahealth.es\/gl\/integracion-dun-programa-comunitario-de-caminadas-como-ferramenta-terapeutica\/\",\"name\":\"Programa comunitario de cami\u00f1adas en sa\u00fade mental | Hestia Health\",\"isPartOf\":{\"@id\":\"https:\/\/hestiahealth.es\/gl\/#website\"},\"primaryImageOfPage\":{\"@id\":\"https:\/\/hestiahealth.es\/gl\/integracion-dun-programa-comunitario-de-caminadas-como-ferramenta-terapeutica\/#primaryimage\"},\"image\":{\"@id\":\"https:\/\/hestiahealth.es\/gl\/integracion-dun-programa-comunitario-de-caminadas-como-ferramenta-terapeutica\/#primaryimage\"},\"thumbnailUrl\":\"https:\/\/hestiahealth.es\/wp-content\/uploads\/2026\/04\/260424-blog.png\",\"datePublished\":\"2026-04-27T10:55:20+00:00\",\"dateModified\":\"2026-04-27T11:13:28+00:00\",\"description\":\"Hestia Health integra cami\u00f1adas comunitarias como ferramenta terap\u00e9utica en sa\u00fade mental, promovendo autonom\u00eda, socializaci\u00f3n e recuperaci\u00f3n.\",\"breadcrumb\":{\"@id\":\"https:\/\/hestiahealth.es\/gl\/integracion-dun-programa-comunitario-de-caminadas-como-ferramenta-terapeutica\/#breadcrumb\"},\"inLanguage\":\"gl-ES\",\"potentialAction\":[{\"@type\":\"ReadAction\",\"target\":[\"https:\/\/hestiahealth.es\/gl\/integracion-dun-programa-comunitario-de-caminadas-como-ferramenta-terapeutica\/\"]}]},{\"@type\":\"ImageObject\",\"inLanguage\":\"gl-ES\",\"@id\":\"https:\/\/hestiahealth.es\/gl\/integracion-dun-programa-comunitario-de-caminadas-como-ferramenta-terapeutica\/#primaryimage\",\"url\":\"https:\/\/hestiahealth.es\/wp-content\/uploads\/2026\/04\/260424-blog.png\",\"contentUrl\":\"https:\/\/hestiahealth.es\/wp-content\/uploads\/2026\/04\/260424-blog.png\",\"width\":1500,\"height\":1062,\"caption\":\"Hestia Health Duran i Reynals\"},{\"@type\":\"BreadcrumbList\",\"@id\":\"https:\/\/hestiahealth.es\/gl\/integracion-dun-programa-comunitario-de-caminadas-como-ferramenta-terapeutica\/#breadcrumb\",\"itemListElement\":[{\"@type\":\"ListItem\",\"position\":1,\"name\":\"Portada\",\"item\":\"https:\/\/hestiahealth.es\/gl\/\"},{\"@type\":\"ListItem\",\"position\":2,\"name\":\"Integraci\u00f3n dun programa comunitario de cami\u00f1adas como ferramenta terap\u00e9utica\"}]},{\"@type\":\"WebSite\",\"@id\":\"https:\/\/hestiahealth.es\/gl\/#website\",\"url\":\"https:\/\/hestiahealth.es\/gl\/\",\"name\":\"Hestia Health\",\"description\":\"\",\"publisher\":{\"@id\":\"https:\/\/hestiahealth.es\/gl\/#organization\"},\"potentialAction\":[{\"@type\":\"SearchAction\",\"target\":{\"@type\":\"EntryPoint\",\"urlTemplate\":\"https:\/\/hestiahealth.es\/gl\/?s={search_term_string}\"},\"query-input\":{\"@type\":\"PropertyValueSpecification\",\"valueRequired\":true,\"valueName\":\"search_term_string\"}}],\"inLanguage\":\"gl-ES\"},{\"@type\":\"Organization\",\"@id\":\"https:\/\/hestiahealth.es\/gl\/#organization\",\"name\":\"Hestia Health\",\"url\":\"https:\/\/hestiahealth.es\/gl\/\",\"logo\":{\"@type\":\"ImageObject\",\"inLanguage\":\"gl-ES\",\"@id\":\"https:\/\/hestiahealth.es\/gl\/#\/schema\/logo\/image\/\",\"url\":\"https:\/\/hestiahealth.es\/wp-content\/uploads\/2025\/06\/Logo_Hestia.svg\",\"contentUrl\":\"https:\/\/hestiahealth.es\/wp-content\/uploads\/2025\/06\/Logo_Hestia.svg\",\"width\":201,\"height\":70,\"caption\":\"Hestia Health\"},\"image\":{\"@id\":\"https:\/\/hestiahealth.es\/gl\/#\/schema\/logo\/image\/\"},\"sameAs\":[\"https:\/\/www.linkedin.com\/company\/hestiahealth\/\"]},{\"@type\":\"Person\",\"@id\":\"https:\/\/hestiahealth.es\/gl\/#\/schema\/person\/aeea519abe01b433c07e725a7e1a96da\",\"name\":\"Digital MC Advertising\",\"image\":{\"@type\":\"ImageObject\",\"inLanguage\":\"gl-ES\",\"@id\":\"https:\/\/hestiahealth.es\/gl\/#\/schema\/person\/image\/\",\"url\":\"https:\/\/secure.gravatar.com\/avatar\/56510d0f53f4e74fc667a95d51e096f0cc2e6b2815688cd922dbf6d4fd4b3b58?s=96&d=mm&r=g\",\"contentUrl\":\"https:\/\/secure.gravatar.com\/avatar\/56510d0f53f4e74fc667a95d51e096f0cc2e6b2815688cd922dbf6d4fd4b3b58?s=96&d=mm&r=g\",\"caption\":\"Digital MC Advertising\"},\"url\":\"https:\/\/hestiahealth.es\/gl\/author\/digital\/\"}]}<\/script>\n<!-- \/ Yoast SEO plugin. -->","yoast_head_json":{"title":"Programa comunitario de cami\u00f1adas en sa\u00fade mental | Hestia Health","description":"Hestia Health integra cami\u00f1adas comunitarias como ferramenta terap\u00e9utica en sa\u00fade mental, promovendo autonom\u00eda, socializaci\u00f3n e recuperaci\u00f3n.","robots":{"index":"index","follow":"follow","max-snippet":"max-snippet:-1","max-image-preview":"max-image-preview:large","max-video-preview":"max-video-preview:-1"},"canonical":"https:\/\/hestiahealth.es\/gl\/integracion-dun-programa-comunitario-de-caminadas-como-ferramenta-terapeutica\/","og_locale":"gl_ES","og_type":"article","og_title":"Programa comunitario de cami\u00f1adas en sa\u00fade mental | Hestia Health","og_description":"Hestia Health integra cami\u00f1adas comunitarias como ferramenta terap\u00e9utica en sa\u00fade mental, promovendo autonom\u00eda, socializaci\u00f3n e recuperaci\u00f3n.","og_url":"https:\/\/hestiahealth.es\/gl\/integracion-dun-programa-comunitario-de-caminadas-como-ferramenta-terapeutica\/","og_site_name":"Hestia Health","article_published_time":"2026-04-27T10:55:20+00:00","article_modified_time":"2026-04-27T11:13:28+00:00","og_image":[{"width":1024,"height":725,"url":"https:\/\/hestiahealth.es\/wp-content\/uploads\/2026\/04\/260424-blog-1024x725.png","type":"image\/png"}],"author":"Digital MC Advertising","twitter_card":"summary_large_image","twitter_misc":{"Escrito por":"Digital MC Advertising","Tempo de lectura":"1 minuto"},"schema":{"@context":"https:\/\/schema.org","@graph":[{"@type":"Article","@id":"https:\/\/hestiahealth.es\/gl\/integracion-dun-programa-comunitario-de-caminadas-como-ferramenta-terapeutica\/#article","isPartOf":{"@id":"https:\/\/hestiahealth.es\/gl\/integracion-dun-programa-comunitario-de-caminadas-como-ferramenta-terapeutica\/"},"author":{"name":"Digital MC Advertising","@id":"https:\/\/hestiahealth.es\/gl\/#\/schema\/person\/aeea519abe01b433c07e725a7e1a96da"},"headline":"Integraci\u00f3n dun programa comunitario de cami\u00f1adas como ferramenta terap\u00e9utica","datePublished":"2026-04-27T10:55:20+00:00","dateModified":"2026-04-27T11:13:28+00:00","mainEntityOfPage":{"@id":"https:\/\/hestiahealth.es\/gl\/integracion-dun-programa-comunitario-de-caminadas-como-ferramenta-terapeutica\/"},"wordCount":289,"commentCount":0,"publisher":{"@id":"https:\/\/hestiahealth.es\/gl\/#organization"},"image":{"@id":"https:\/\/hestiahealth.es\/gl\/integracion-dun-programa-comunitario-de-caminadas-como-ferramenta-terapeutica\/#primaryimage"},"thumbnailUrl":"https:\/\/hestiahealth.es\/wp-content\/uploads\/2026\/04\/260424-blog.png","articleSection":["Hestia Health Catalunya"],"inLanguage":"gl-ES","potentialAction":[{"@type":"CommentAction","name":"Comment","target":["https:\/\/hestiahealth.es\/gl\/integracion-dun-programa-comunitario-de-caminadas-como-ferramenta-terapeutica\/#respond"]}]},{"@type":"WebPage","@id":"https:\/\/hestiahealth.es\/gl\/integracion-dun-programa-comunitario-de-caminadas-como-ferramenta-terapeutica\/","url":"https:\/\/hestiahealth.es\/gl\/integracion-dun-programa-comunitario-de-caminadas-como-ferramenta-terapeutica\/","name":"Programa comunitario de cami\u00f1adas en sa\u00fade mental | Hestia Health","isPartOf":{"@id":"https:\/\/hestiahealth.es\/gl\/#website"},"primaryImageOfPage":{"@id":"https:\/\/hestiahealth.es\/gl\/integracion-dun-programa-comunitario-de-caminadas-como-ferramenta-terapeutica\/#primaryimage"},"image":{"@id":"https:\/\/hestiahealth.es\/gl\/integracion-dun-programa-comunitario-de-caminadas-como-ferramenta-terapeutica\/#primaryimage"},"thumbnailUrl":"https:\/\/hestiahealth.es\/wp-content\/uploads\/2026\/04\/260424-blog.png","datePublished":"2026-04-27T10:55:20+00:00","dateModified":"2026-04-27T11:13:28+00:00","description":"Hestia Health integra cami\u00f1adas comunitarias como ferramenta terap\u00e9utica en sa\u00fade mental, promovendo autonom\u00eda, socializaci\u00f3n e recuperaci\u00f3n.","breadcrumb":{"@id":"https:\/\/hestiahealth.es\/gl\/integracion-dun-programa-comunitario-de-caminadas-como-ferramenta-terapeutica\/#breadcrumb"},"inLanguage":"gl-ES","potentialAction":[{"@type":"ReadAction","target":["https:\/\/hestiahealth.es\/gl\/integracion-dun-programa-comunitario-de-caminadas-como-ferramenta-terapeutica\/"]}]},{"@type":"ImageObject","inLanguage":"gl-ES","@id":"https:\/\/hestiahealth.es\/gl\/integracion-dun-programa-comunitario-de-caminadas-como-ferramenta-terapeutica\/#primaryimage","url":"https:\/\/hestiahealth.es\/wp-content\/uploads\/2026\/04\/260424-blog.png","contentUrl":"https:\/\/hestiahealth.es\/wp-content\/uploads\/2026\/04\/260424-blog.png","width":1500,"height":1062,"caption":"Hestia Health Duran i Reynals"},{"@type":"BreadcrumbList","@id":"https:\/\/hestiahealth.es\/gl\/integracion-dun-programa-comunitario-de-caminadas-como-ferramenta-terapeutica\/#breadcrumb","itemListElement":[{"@type":"ListItem","position":1,"name":"Portada","item":"https:\/\/hestiahealth.es\/gl\/"},{"@type":"ListItem","position":2,"name":"Integraci\u00f3n dun programa comunitario de cami\u00f1adas como ferramenta terap\u00e9utica"}]},{"@type":"WebSite","@id":"https:\/\/hestiahealth.es\/gl\/#website","url":"https:\/\/hestiahealth.es\/gl\/","name":"Hestia Health","description":"","publisher":{"@id":"https:\/\/hestiahealth.es\/gl\/#organization"},"potentialAction":[{"@type":"SearchAction","target":{"@type":"EntryPoint","urlTemplate":"https:\/\/hestiahealth.es\/gl\/?s={search_term_string}"},"query-input":{"@type":"PropertyValueSpecification","valueRequired":true,"valueName":"search_term_string"}}],"inLanguage":"gl-ES"},{"@type":"Organization","@id":"https:\/\/hestiahealth.es\/gl\/#organization","name":"Hestia Health","url":"https:\/\/hestiahealth.es\/gl\/","logo":{"@type":"ImageObject","inLanguage":"gl-ES","@id":"https:\/\/hestiahealth.es\/gl\/#\/schema\/logo\/image\/","url":"https:\/\/hestiahealth.es\/wp-content\/uploads\/2025\/06\/Logo_Hestia.svg","contentUrl":"https:\/\/hestiahealth.es\/wp-content\/uploads\/2025\/06\/Logo_Hestia.svg","width":201,"height":70,"caption":"Hestia Health"},"image":{"@id":"https:\/\/hestiahealth.es\/gl\/#\/schema\/logo\/image\/"},"sameAs":["https:\/\/www.linkedin.com\/company\/hestiahealth\/"]},{"@type":"Person","@id":"https:\/\/hestiahealth.es\/gl\/#\/schema\/person\/aeea519abe01b433c07e725a7e1a96da","name":"Digital MC Advertising","image":{"@type":"ImageObject","inLanguage":"gl-ES","@id":"https:\/\/hestiahealth.es\/gl\/#\/schema\/person\/image\/","url":"https:\/\/secure.gravatar.com\/avatar\/56510d0f53f4e74fc667a95d51e096f0cc2e6b2815688cd922dbf6d4fd4b3b58?s=96&d=mm&r=g","contentUrl":"https:\/\/secure.gravatar.com\/avatar\/56510d0f53f4e74fc667a95d51e096f0cc2e6b2815688cd922dbf6d4fd4b3b58?s=96&d=mm&r=g","caption":"Digital MC Advertising"},"url":"https:\/\/hestiahealth.es\/gl\/author\/digital\/"}]}},"_links":{"self":[{"href":"https:\/\/hestiahealth.es\/gl\/wp-json\/wp\/v2\/posts\/6398","targetHints":{"allow":["GET"]}}],"collection":[{"href":"https:\/\/hestiahealth.es\/gl\/wp-json\/wp\/v2\/posts"}],"about":[{"href":"https:\/\/hestiahealth.es\/gl\/wp-json\/wp\/v2\/types\/post"}],"author":[{"embeddable":true,"href":"https:\/\/hestiahealth.es\/gl\/wp-json\/wp\/v2\/users\/7"}],"replies":[{"embeddable":true,"href":"https:\/\/hestiahealth.es\/gl\/wp-json\/wp\/v2\/comments?post=6398"}],"version-history":[{"count":1,"href":"https:\/\/hestiahealth.es\/gl\/wp-json\/wp\/v2\/posts\/6398\/revisions"}],"predecessor-version":[{"id":6399,"href":"https:\/\/hestiahealth.es\/gl\/wp-json\/wp\/v2\/posts\/6398\/revisions\/6399"}],"wp:featuredmedia":[{"embeddable":true,"href":"https:\/\/hestiahealth.es\/gl\/wp-json\/wp\/v2\/media\/6367"}],"wp:attachment":[{"href":"https:\/\/hestiahealth.es\/gl\/wp-json\/wp\/v2\/media?parent=6398"}],"wp:term":[{"taxonomy":"category","embeddable":true,"href":"https:\/\/hestiahealth.es\/gl\/wp-json\/wp\/v2\/categories?post=6398"},{"taxonomy":"post_tag","embeddable":true,"href":"https:\/\/hestiahealth.es\/gl\/wp-json\/wp\/v2\/tags?post=6398"}],"curies":[{"name":"wp","href":"https:\/\/api.w.org\/{rel}","templated":true}]}}